{"id":2653,"date":"2024-09-19T11:03:28","date_gmt":"2024-09-19T09:03:28","guid":{"rendered":"https:\/\/syiberica.com\/64o-salon-nautico-internacional-de-genova-futuro-y-excelencia-en-la-nautica\/"},"modified":"2024-09-27T12:41:29","modified_gmt":"2024-09-27T10:41:29","slug":"64o-salon-nautico-internacional-de-genova-futuro-y-excelencia-en-la-nautica","status":"publish","type":"post","link":"https:\/\/syiberica.com\/ca\/64o-salon-nautico-internacional-de-genova-futuro-y-excelencia-en-la-nautica\/","title":{"rendered":"64 Sal\u00f3 N\u00e0utic Internacional de G\u00e8nova: Futur i Excel\u00b7l\u00e8ncia amb la N\u00e0utica"},"content":{"rendered":"\n<p>Des d&#8217;avui al 24 de setembre, el <strong>64\u00e8 Sal\u00f3 N\u00e0utic Internacional de G\u00e8nov<\/strong>a obrir\u00e0 les portes per mostrar les \u00faltimes tend\u00e8ncies en tecnologia, disseny i innovaci\u00f3 al m\u00f3n de la n\u00e0utica.<\/p>\n\n\n\n<p>Aquest esdeveniment de renom mundial se celebra en un recinte transformat pel reconegut arquitecte Renzo Piano, que l&#8217;ha convertit en el primer espai expositiu dedicat exclusivament a la navegaci\u00f3 d&#8217;esbarjo.<\/p>\n\n\n\n<figure class=\"wp-block-image size-large is-resized\"><img decoding=\"async\" width=\"986\" height=\"739\" src=\"https:\/\/syiberica.com\/wp-content\/uploads\/2024\/09\/63Salone-Nautico-Internazionale-di-Genova-min-2048x1534-1-986x739.jpg\" alt=\"\" class=\"wp-image-2634\" style=\"width:841px;height:auto\" srcset=\"https:\/\/syiberica.com\/wp-content\/uploads\/2024\/09\/63Salone-Nautico-Internazionale-di-Genova-min-2048x1534-1-986x739.jpg 986w, https:\/\/syiberica.com\/wp-content\/uploads\/2024\/09\/63Salone-Nautico-Internazionale-di-Genova-min-2048x1534-1-600x449.jpg 600w, https:\/\/syiberica.com\/wp-content\/uploads\/2024\/09\/63Salone-Nautico-Internazionale-di-Genova-min-2048x1534-1-768x575.jpg 768w, https:\/\/syiberica.com\/wp-content\/uploads\/2024\/09\/63Salone-Nautico-Internazionale-di-Genova-min-2048x1534-1-1536x1151.jpg 1536w, https:\/\/syiberica.com\/wp-content\/uploads\/2024\/09\/63Salone-Nautico-Internazionale-di-Genova-min-2048x1534-1-380x285.jpg 380w, https:\/\/syiberica.com\/wp-content\/uploads\/2024\/09\/63Salone-Nautico-Internazionale-di-Genova-min-2048x1534-1-1250x936.jpg 1250w, https:\/\/syiberica.com\/wp-content\/uploads\/2024\/09\/63Salone-Nautico-Internazionale-di-Genova-min-2048x1534-1.jpg 2048w\" sizes=\"(max-width: 986px) 100vw, 986px\" \/><\/figure>\n\n\n\n<h2 class=\"wp-block-heading\">Solaris 74RS: Disseny i tecnologia en la seva m\u00e0xima expressi\u00f3<\/h2>\n\n\n\n<p>Aquesta edici\u00f3, caracteritzada pel format multiespecialitzat i l&#8217;enfocament en la innovaci\u00f3, ser\u00e0 l&#8217;escenari ideal per a la presentaci\u00f3 <a href=\"https:\/\/syiberica.com\/ca\/categoria-de-embarcacion\/solaris-ca\/\">d&#8217;embarcacions Solaris<\/a>, destacant el <strong><a href=\"https:\/\/syiberica.com\/ca\/embarcacion\/solaris-74rs\/\">Solaris 74RS<\/a> (casc n\u00fam. 2 de la s\u00e8rie Raised Saloon)<\/strong>, una veritable obra mestra de disseny i tecnologia. Tamb\u00e9 hi seran presents models com el <a href=\"https:\/\/syiberica.com\/ca\/embarcacion\/solaris-64rs\/\">Solaris 64RS<\/a>, <a href=\"https:\/\/syiberica.com\/ca\/embarcacion\/solaris-60\/\">Solaris 60<\/a> i <a href=\"https:\/\/syiberica.com\/ca\/embarcacion\/solaris-50\/\">Solaris 50<\/a>, tots referents en rendiment, qualitat i eleg\u00e0ncia en la navegaci\u00f3.<\/p>\n\n\n\n<figure class=\"wp-block-image size-large\"><img decoding=\"async\" width=\"986\" height=\"611\" src=\"https:\/\/syiberica.com\/wp-content\/uploads\/2024\/09\/\u00a9-Guillaume-Plisson-for-Solaris-Yachts-5-986x611.jpeg\" alt=\"\" class=\"wp-image-2628\" srcset=\"https:\/\/syiberica.com\/wp-content\/uploads\/2024\/09\/\u00a9-Guillaume-Plisson-for-Solaris-Yachts-5-986x611.jpeg 986w, https:\/\/syiberica.com\/wp-content\/uploads\/2024\/09\/\u00a9-Guillaume-Plisson-for-Solaris-Yachts-5-600x372.jpeg 600w, https:\/\/syiberica.com\/wp-content\/uploads\/2024\/09\/\u00a9-Guillaume-Plisson-for-Solaris-Yachts-5-768x476.jpeg 768w, https:\/\/syiberica.com\/wp-content\/uploads\/2024\/09\/\u00a9-Guillaume-Plisson-for-Solaris-Yachts-5-1536x953.jpeg 1536w, https:\/\/syiberica.com\/wp-content\/uploads\/2024\/09\/\u00a9-Guillaume-Plisson-for-Solaris-Yachts-5-2048x1270.jpeg 2048w, https:\/\/syiberica.com\/wp-content\/uploads\/2024\/09\/\u00a9-Guillaume-Plisson-for-Solaris-Yachts-5-380x236.jpeg 380w, https:\/\/syiberica.com\/wp-content\/uploads\/2024\/09\/\u00a9-Guillaume-Plisson-for-Solaris-Yachts-5-1250x775.jpeg 1250w\" sizes=\"(max-width: 986px) 100vw, 986px\" \/><figcaption class=\"wp-element-caption\">\u00a9 Guillaume Plisson for Solaris Yachts<\/figcaption><\/figure>\n\n\n\n<h2 class=\"wp-block-heading\">Renier R10 Cabin FB: Una combinaci\u00f3 de luxe i pot\u00e8ncia<\/h2>\n\n\n\n<p>A m\u00e9s, es presentar\u00e0<strong> l&#8217;innovador<\/strong> <strong><a href=\"https:\/\/syiberica.com\/ca\/embarcacion\/renier-10\/\">Renier R10 <\/a>Cabin FB<\/strong>, una embarcaci\u00f3 que combina luxe, pot\u00e8ncia i confort, dissenyada per satisfer les expectatives dels navegants m\u00e9s exigents. Descobreix totes les <a href=\"https:\/\/syiberica.com\/en\/categoria-de-embarcacion\/renier-en\/\">embarcacions Renier.<\/a><\/p>\n\n\n\n<figure class=\"wp-block-image size-large\"><img decoding=\"async\" width=\"986\" height=\"644\" src=\"https:\/\/syiberica.com\/wp-content\/uploads\/2024\/09\/r10cabin-1-986x644.png\" alt=\"\" class=\"wp-image-2640\" srcset=\"https:\/\/syiberica.com\/wp-content\/uploads\/2024\/09\/r10cabin-1-986x644.png 986w, https:\/\/syiberica.com\/wp-content\/uploads\/2024\/09\/r10cabin-1-600x392.png 600w, https:\/\/syiberica.com\/wp-content\/uploads\/2024\/09\/r10cabin-1-768x502.png 768w, https:\/\/syiberica.com\/wp-content\/uploads\/2024\/09\/r10cabin-1-1536x1003.png 1536w, https:\/\/syiberica.com\/wp-content\/uploads\/2024\/09\/r10cabin-1-380x248.png 380w, https:\/\/syiberica.com\/wp-content\/uploads\/2024\/09\/r10cabin-1-1250x816.png 1250w, https:\/\/syiberica.com\/wp-content\/uploads\/2024\/09\/r10cabin-1.png 2041w\" sizes=\"(max-width: 986px) 100vw, 986px\" \/><\/figure>\n\n\n\n<p>El <strong>Sal\u00f3 N\u00e0utic de G\u00e8nova<\/strong> \u00e9s l&#8217;oportunitat perfecta per descobrir de prop aquestes excepcionals embarcacions i con\u00e8ixer les darreres novetats del sector n\u00e0utic. Us recomanem assistir per explorar les innovacions i models que s&#8217;exhibiran en aquest prestigi\u00f3s esdeveniment.<\/p>\n\n\n\n<p><\/p>\n","protected":false},"excerpt":{"rendered":"<p>Des d&#8217;avui al 24 de setembre, el 64\u00e8 Sal\u00f3 N\u00e0utic Internacional de G\u00e8nova obrir\u00e0 les portes per mostrar les \u00faltimes tend\u00e8ncies en tecnologia, disseny i innovaci\u00f3 al m\u00f3n de la n\u00e0utica. Aquest esdeveniment de renom mundial se celebra en un recinte transformat pel reconegut arquitecte Renzo Piano, que l&#8217;ha convertit en el primer espai expositiu [&hellip;]<\/p>\n","protected":false},"author":3,"featured_media":2706,"comment_status":"closed","ping_status":"closed","sticky":false,"template":"","format":"standard","meta":{"_acf_changed":false,"footnotes":""},"categories":[100],"tags":[101,102],"class_list":["post-2653","post","type-post","status-publish","format-standard","has-post-thumbnail","hentry","category-genoa-boat-show-ca","tag-solaris-60-ca","tag-solaris-64rs-ca"],"acf":[],"_links":{"self":[{"href":"https:\/\/syiberica.com\/ca\/wp-json\/wp\/v2\/posts\/2653","targetHints":{"allow":["GET"]}}],"collection":[{"href":"https:\/\/syiberica.com\/ca\/wp-json\/wp\/v2\/posts"}],"about":[{"href":"https:\/\/syiberica.com\/ca\/wp-json\/wp\/v2\/types\/post"}],"author":[{"embeddable":true,"href":"https:\/\/syiberica.com\/ca\/wp-json\/wp\/v2\/users\/3"}],"replies":[{"embeddable":true,"href":"https:\/\/syiberica.com\/ca\/wp-json\/wp\/v2\/comments?post=2653"}],"version-history":[{"count":8,"href":"https:\/\/syiberica.com\/ca\/wp-json\/wp\/v2\/posts\/2653\/revisions"}],"predecessor-version":[{"id":2705,"href":"https:\/\/syiberica.com\/ca\/wp-json\/wp\/v2\/posts\/2653\/revisions\/2705"}],"wp:featuredmedia":[{"embeddable":true,"href":"https:\/\/syiberica.com\/ca\/wp-json\/wp\/v2\/media\/2706"}],"wp:attachment":[{"href":"https:\/\/syiberica.com\/ca\/wp-json\/wp\/v2\/media?parent=2653"}],"wp:term":[{"taxonomy":"category","embeddable":true,"href":"https:\/\/syiberica.com\/ca\/wp-json\/wp\/v2\/categories?post=2653"},{"taxonomy":"post_tag","embeddable":true,"href":"https:\/\/syiberica.com\/ca\/wp-json\/wp\/v2\/tags?post=2653"}],"curies":[{"name":"wp","href":"https:\/\/api.w.org\/{rel}","templated":true}]}}